{"id":914,"date":"2022-12-08T11:51:38","date_gmt":"2022-12-08T14:51:38","guid":{"rendered":"https:\/\/www.valadaresnoticias.com.br\/v1\/?p=914"},"modified":"2025-09-10T12:04:54","modified_gmt":"2025-09-10T15:04:54","slug":"aberto-edital-de-residentes-do-parque-tecnologico-da-bahia","status":"publish","type":"post","link":"https:\/\/www.valadaresnoticias.com.br\/v1\/2022\/12\/08\/aberto-edital-de-residentes-do-parque-tecnologico-da-bahia\/","title":{"rendered":"ABERTO EDITAL DE RESIDENTES DO PARQUE TECNOL\u00d3GICO DA BAHIA"},"content":{"rendered":"<p><img loading=\"lazy\" class=\"alignnone size-full wp-image-915\" src=\"https:\/\/www.valadaresnoticias.com.br\/v1\/wp-content\/uploads\/2022\/12\/IMG-20221208-WA0023.jpg\" alt=\"\" width=\"644\" height=\"405\" srcset=\"https:\/\/www.valadaresnoticias.com.br\/v1\/wp-content\/uploads\/2022\/12\/IMG-20221208-WA0023.jpg 644w, https:\/\/www.valadaresnoticias.com.br\/v1\/wp-content\/uploads\/2022\/12\/IMG-20221208-WA0023-300x189.jpg 300w, https:\/\/www.valadaresnoticias.com.br\/v1\/wp-content\/uploads\/2022\/12\/IMG-20221208-WA0023-600x377.jpg 600w\" sizes=\"(max-width: 644px) 100vw, 644px\" \/><\/p>\n<p style=\"text-align: justify;\">A Associa\u00e7\u00e3o das Empresas do Parque Tecnol\u00f3gico da Bahia (AEPTECBA), com apoio da Secretaria de Ci\u00eancia, Tecnologia e Inova\u00e7\u00e3o (SECTI), lan\u00e7a edital para programa de resid\u00eancia no ParqTecBa.<!--more--><\/p>\n<p>O objetivo \u00e9 selecionar startups e empresas de base tecnol\u00f3gica, nacionais ou estrangeiras, que atuam com atividades de pesquisa, desenvolvimento e inova\u00e7\u00e3o, para ocupa\u00e7\u00e3o no Ed. Tecnocentro.<\/p>\n<p>As inscri\u00e7\u00f5es come\u00e7am em 07\/12\/2022, e tem fluxo cont\u00ednuo por 6 mese Para saber mais detalhes, baixe o edital e o mapa de disponibilidade atrav\u00e9s do link: bit.ly\/sejaumresidente.<\/p>\n<p>Em caso de d\u00favidas, entre em contato com a gente atrav\u00e9s do email: editais@parquetecnologico-ba.org.br.<\/p>\n","protected":false},"excerpt":{"rendered":"<p>A Associa\u00e7\u00e3o das Empresas do Parque Tecnol\u00f3gico da Bahia (AEPTECBA), com apoio da Secretaria de Ci\u00eancia, Tecnologia e Inova\u00e7\u00e3o (SECTI), lan\u00e7a edital para programa de resid\u00eancia no ParqTecBa.<\/p>\n","protected":false},"author":3,"featured_media":915,"comment_status":"closed","ping_status":"closed","sticky":false,"template":"","format":"standard","meta":{"_links_to":"","_links_to_target":""},"categories":[10],"tags":[],"_links":{"self":[{"href":"https:\/\/www.valadaresnoticias.com.br\/v1\/wp-json\/wp\/v2\/posts\/914"}],"collection":[{"href":"https:\/\/www.valadaresnoticias.com.br\/v1\/wp-json\/wp\/v2\/posts"}],"about":[{"href":"https:\/\/www.valadaresnoticias.com.br\/v1\/wp-json\/wp\/v2\/types\/post"}],"author":[{"embeddable":true,"href":"https:\/\/www.valadaresnoticias.com.br\/v1\/wp-json\/wp\/v2\/users\/3"}],"replies":[{"embeddable":true,"href":"https:\/\/www.valadaresnoticias.com.br\/v1\/wp-json\/wp\/v2\/comments?post=914"}],"version-history":[{"count":1,"href":"https:\/\/www.valadaresnoticias.com.br\/v1\/wp-json\/wp\/v2\/posts\/914\/revisions"}],"predecessor-version":[{"id":916,"href":"https:\/\/www.valadaresnoticias.com.br\/v1\/wp-json\/wp\/v2\/posts\/914\/revisions\/916"}],"wp:featuredmedia":[{"embeddable":true,"href":"https:\/\/www.valadaresnoticias.com.br\/v1\/wp-json\/wp\/v2\/media\/915"}],"wp:attachment":[{"href":"https:\/\/www.valadaresnoticias.com.br\/v1\/wp-json\/wp\/v2\/media?parent=914"}],"wp:term":[{"taxonomy":"category","embeddable":true,"href":"https:\/\/www.valadaresnoticias.com.br\/v1\/wp-json\/wp\/v2\/categories?post=914"},{"taxonomy":"post_tag","embeddable":true,"href":"https:\/\/www.valadaresnoticias.com.br\/v1\/wp-json\/wp\/v2\/tags?post=914"}],"curies":[{"name":"wp","href":"https:\/\/api.w.org\/{rel}","templated":true}]}}