{"id":2516,"date":"2026-04-29T13:30:01","date_gmt":"2026-04-29T16:30:01","guid":{"rendered":"https:\/\/www.valadaresnoticias.com.br\/v1\/?p=2516"},"modified":"2026-04-29T13:31:17","modified_gmt":"2026-04-29T16:31:17","slug":"pesquisa-rui-costa-e-jaques-wagner-lideram-disputa-para-o-senado-federal","status":"publish","type":"post","link":"https:\/\/www.valadaresnoticias.com.br\/v1\/2026\/04\/29\/pesquisa-rui-costa-e-jaques-wagner-lideram-disputa-para-o-senado-federal\/","title":{"rendered":"PESQUISA: Rui Costa e Jaques Wagner lideram disputa para o Senado Federal"},"content":{"rendered":"<div id=\"attachment_2517\" style=\"width: 600px\" class=\"wp-caption alignnone\"><img aria-describedby=\"caption-attachment-2517\" loading=\"lazy\" class=\"wp-image-2517\" src=\"https:\/\/www.valadaresnoticias.com.br\/v1\/wp-content\/uploads\/2026\/04\/WAGNER-JERO-E-RUI.jpg\" alt=\"\" width=\"590\" height=\"419\" srcset=\"https:\/\/www.valadaresnoticias.com.br\/v1\/wp-content\/uploads\/2026\/04\/WAGNER-JERO-E-RUI.jpg 1066w, https:\/\/www.valadaresnoticias.com.br\/v1\/wp-content\/uploads\/2026\/04\/WAGNER-JERO-E-RUI-300x213.jpg 300w, https:\/\/www.valadaresnoticias.com.br\/v1\/wp-content\/uploads\/2026\/04\/WAGNER-JERO-E-RUI-600x427.jpg 600w, https:\/\/www.valadaresnoticias.com.br\/v1\/wp-content\/uploads\/2026\/04\/WAGNER-JERO-E-RUI-768x546.jpg 768w\" sizes=\"(max-width: 590px) 100vw, 590px\" \/><p id=\"caption-attachment-2517\" class=\"wp-caption-text\">Foto: Divulga\u00e7\u00e3o<\/p><\/div>\n<h2>Candidatos de oposi\u00e7\u00e3o, Coronel e Roma aparecem bem atr\u00e1s no levantamento<\/h2>\n<div id=\"div-share\">\n<p>Os petistas Rui Costa e Jaques Wagner lideram as inten\u00e7\u00f5es de votos totais na disputa pelo Senado Federal, nas duas vagas para a Bahia. A informa\u00e7\u00e3o foi apresentada na Pesquisa Quaest, divulgada pela TV Bahia, nesta quarta-feira (29).<\/p>\n<p>No levantamento, o ex-ministro da Casa Civil e o senador lideram com 24% e 22% respectivamente. Como haver\u00e1 duas vagas em disputa, a pesquisa considerou a combina\u00e7\u00e3o de votos totais e a ordem de prefer\u00eancia no primeiro voto:<\/p>\n<\/div>\n<p><!--more--><\/p>\n<div id=\"div-share\">\n<ul>\n<li>Rui Costa (PT): 31%<\/li>\n<li>Jaques Wagner (PT): 20%<\/li>\n<li>Jo\u00e3o Roma (PL): 10%<\/li>\n<li>Angelo Coronel (Republicanos): 4%<\/li>\n<li>Delliana Ricelli (PSOL): 1%<\/li>\n<li>Marcelo Santtana (DC): 0%<\/li>\n<li>Indecisos: 15%<\/li>\n<li>Branco\/Nulo\/N\u00e3o vai votar: 19.<\/li>\n<\/ul>\n<p>&nbsp;<\/p>\n<p>J\u00e1 o segundo voto foi liderado por Wagner e seguido por Rui:<\/p>\n<ul>\n<li>Jaques Wagner (PT): 24%<\/li>\n<li>Rui Costa (PT): 16%<\/li>\n<li>Jo\u00e3o Roma (PL): 7%<\/li>\n<li>Angelo Coronel (Republicanos): 7%<\/li>\n<li>Delliana Ricelli (PSOL): 1%<\/li>\n<li>Marcelo Santtana (DC): 1%<\/li>\n<li>Indecisos: 18%<\/li>\n<li>Branco\/Nulo\/N\u00e3o vai votar: 26%<\/li>\n<\/ul>\n<p>A pesquisa tamb\u00e9m mediu o quanto os candidatos s\u00e3o conhecidos e qual o seu teto de votos:<\/p>\n<ul>\n<li>Rui Costa: \u00c9 o que possui o maior potencial, com 47% dizendo que o conhecem e votariam nele, enquanto 38% o conhecem e n\u00e3o votariam.<\/li>\n<li>Jaques Wagner: Tem 39% de potencial de voto e 39% de rejei\u00e7\u00e3o.<\/li>\n<li>Jo\u00e3o Roma: Apresenta 11% de potencial de voto, mas 64% dos eleitores afirmam n\u00e3o conhec\u00ea-lo.Angelo Coronel: Possui 8% de potencial de voto e \u00e9 desconhecido por 68% da amostra.<\/li>\n<\/ul>\n<p><img src=\"https:\/\/www.bahianoticias.com.br\/fotos\/principal_noticias\/316271\/mg\/senado.png\" alt=\"\" \/><\/p>\n<p><img src=\"https:\/\/www.bahianoticias.com.br\/fotos\/principal_noticias\/316271\/mg\/senado%202.png\" alt=\"\" \/><\/p>\n<p><img src=\"https:\/\/www.bahianoticias.com.br\/fotos\/principal_noticias\/316271\/mg\/senado%203.png\" alt=\"\" \/><\/p>\n<p><em><b>Fonte: <a href=\"https:\/\/www.abronca.com.br\/v1\/\">A BRONCA<\/a><\/b><\/em><\/p>\n<\/div>\n","protected":false},"excerpt":{"rendered":"<p>Candidatos de oposi\u00e7\u00e3o, Coronel e Roma aparecem bem atr\u00e1s no levantamento Os petistas Rui Costa e Jaques Wagner lideram as inten\u00e7\u00f5es de votos totais na disputa pelo Senado Federal, nas duas vagas para a Bahia. A informa\u00e7\u00e3o foi apresentada na Pesquisa Quaest, divulgada pela TV Bahia, nesta quarta-feira (29). No levantamento, o ex-ministro da Casa [&hellip;]<\/p>\n","protected":false},"author":3,"featured_media":2517,"comment_status":"closed","ping_status":"closed","sticky":false,"template":"","format":"standard","meta":{"_links_to":"","_links_to_target":""},"categories":[1],"tags":[],"_links":{"self":[{"href":"https:\/\/www.valadaresnoticias.com.br\/v1\/wp-json\/wp\/v2\/posts\/2516"}],"collection":[{"href":"https:\/\/www.valadaresnoticias.com.br\/v1\/wp-json\/wp\/v2\/posts"}],"about":[{"href":"https:\/\/www.valadaresnoticias.com.br\/v1\/wp-json\/wp\/v2\/types\/post"}],"author":[{"embeddable":true,"href":"https:\/\/www.valadaresnoticias.com.br\/v1\/wp-json\/wp\/v2\/users\/3"}],"replies":[{"embeddable":true,"href":"https:\/\/www.valadaresnoticias.com.br\/v1\/wp-json\/wp\/v2\/comments?post=2516"}],"version-history":[{"count":1,"href":"https:\/\/www.valadaresnoticias.com.br\/v1\/wp-json\/wp\/v2\/posts\/2516\/revisions"}],"predecessor-version":[{"id":2518,"href":"https:\/\/www.valadaresnoticias.com.br\/v1\/wp-json\/wp\/v2\/posts\/2516\/revisions\/2518"}],"wp:featuredmedia":[{"embeddable":true,"href":"https:\/\/www.valadaresnoticias.com.br\/v1\/wp-json\/wp\/v2\/media\/2517"}],"wp:attachment":[{"href":"https:\/\/www.valadaresnoticias.com.br\/v1\/wp-json\/wp\/v2\/media?parent=2516"}],"wp:term":[{"taxonomy":"category","embeddable":true,"href":"https:\/\/www.valadaresnoticias.com.br\/v1\/wp-json\/wp\/v2\/categories?post=2516"},{"taxonomy":"post_tag","embeddable":true,"href":"https:\/\/www.valadaresnoticias.com.br\/v1\/wp-json\/wp\/v2\/tags?post=2516"}],"curies":[{"name":"wp","href":"https:\/\/api.w.org\/{rel}","templated":true}]}}