{"id":2284,"date":"2025-09-10T12:59:37","date_gmt":"2025-09-10T15:59:37","guid":{"rendered":"https:\/\/www.valadaresnoticias.com.br\/v1\/?p=2284"},"modified":"2025-09-10T12:59:37","modified_gmt":"2025-09-10T15:59:37","slug":"jeronimo-encaminha-a-alba-projeto-de-lei-que-cria-secretaria-especial-para-assuntos-relacionados-a-ponte-salvador-itaparica","status":"publish","type":"post","link":"https:\/\/www.valadaresnoticias.com.br\/v1\/2025\/09\/10\/jeronimo-encaminha-a-alba-projeto-de-lei-que-cria-secretaria-especial-para-assuntos-relacionados-a-ponte-salvador-itaparica\/","title":{"rendered":"Jer\u00f4nimo encaminha \u00e0 Alba projeto de lei que cria secretaria especial para assuntos relacionados \u00e0 Ponte Salvador-Itaparica"},"content":{"rendered":"<p><img loading=\"lazy\" class=\"alignnone  wp-image-2285\" src=\"https:\/\/www.valadaresnoticias.com.br\/v1\/wp-content\/uploads\/2025\/09\/Imagem-do-WhatsApp-de-2025-09-10-as-08.49.01_ff6b9330.jpg\" alt=\"\" width=\"594\" height=\"418\" srcset=\"https:\/\/www.valadaresnoticias.com.br\/v1\/wp-content\/uploads\/2025\/09\/Imagem-do-WhatsApp-de-2025-09-10-as-08.49.01_ff6b9330.jpg 1024w, https:\/\/www.valadaresnoticias.com.br\/v1\/wp-content\/uploads\/2025\/09\/Imagem-do-WhatsApp-de-2025-09-10-as-08.49.01_ff6b9330-300x211.jpg 300w, https:\/\/www.valadaresnoticias.com.br\/v1\/wp-content\/uploads\/2025\/09\/Imagem-do-WhatsApp-de-2025-09-10-as-08.49.01_ff6b9330-600x422.jpg 600w, https:\/\/www.valadaresnoticias.com.br\/v1\/wp-content\/uploads\/2025\/09\/Imagem-do-WhatsApp-de-2025-09-10-as-08.49.01_ff6b9330-768x540.jpg 768w\" sizes=\"(max-width: 594px) 100vw, 594px\" \/><\/p>\n<p>O governador Jer\u00f4nimo Rodrigues encaminhou, nesta ter\u00e7a-feira (9), para a Assembleia Legislativa da Bahia (Alba), o projeto de lei que cria a Secretaria Estadual para Assuntos do Sistema Rodovi\u00e1rio Ponte Salvador-Ilha de Itaparica (Seponte), durante reuni\u00e3o com deputados estaduais no Centro de Opera\u00e7\u00f5es e Intelig\u00eancia (COI), em Salvador. A pasta especial ser\u00e1 provis\u00f3ria e cuidar\u00e1 do projeto da ponte at\u00e9 que a estrutura passe a ser administrada atrav\u00e9s de uma Parceria P\u00fablico-Privada (PPP).<\/p>\n<p><!--more--><\/p>\n<p>\u201cApresentamos uma proposta de estrutura bastante enxuta, mas com uma gest\u00e3o firme e bem definida. Trata-se de um projeto especial e estrat\u00e9gico, tanto pelo valor do or\u00e7amento quanto pela sua import\u00e2ncia. Vamos encaminhar a proposta para que a Assembleia possa apreci\u00e1-la. No retorno, quando houver a san\u00e7\u00e3o, poderemos ent\u00e3o divulgar os nomes que poder\u00e3o compor essa secretaria\u201d, pontuou o governador sobre a ponte.<\/p>\n<p>O encontro detalhou os projetos em obras estruturantes de mobilidade urbana na capital e na Regi\u00e3o Metropolitana em andamento e os que est\u00e3o previstos desde 2023 at\u00e9 2025, que somam R$ 42,6 bilh\u00f5es em investimentos. Foram apresentados tamb\u00e9m os avan\u00e7os nas obras e as perspectivas de outros grandes empreendimentos: o Ve\u00edculo Leve sobre Trilhos (VLT), a nova Rodovi\u00e1ria de Salvador e o Tramo IV do Metr\u00f4. \u201cEstes s\u00e3o investimentos em log\u00edstica, buscando aumentar a competitividade sist\u00eamica da economia baiana\u201d, destacou o secret\u00e1rio da Casa Civil, Afonso Florence.<\/p>\n<p>Ponte Salvador-Itaparica<\/p>\n<div id=\"attachment_2286\" style=\"width: 495px\" class=\"wp-caption alignleft\"><img aria-describedby=\"caption-attachment-2286\" loading=\"lazy\" class=\"wp-image-2286\" src=\"https:\/\/www.valadaresnoticias.com.br\/v1\/wp-content\/uploads\/2025\/09\/Imagem-do-WhatsApp-de-2025-09-10-as-08.40.24_7ef2f714.jpg\" alt=\"\" width=\"485\" height=\"341\" srcset=\"https:\/\/www.valadaresnoticias.com.br\/v1\/wp-content\/uploads\/2025\/09\/Imagem-do-WhatsApp-de-2025-09-10-as-08.40.24_7ef2f714.jpg 1024w, https:\/\/www.valadaresnoticias.com.br\/v1\/wp-content\/uploads\/2025\/09\/Imagem-do-WhatsApp-de-2025-09-10-as-08.40.24_7ef2f714-300x211.jpg 300w, https:\/\/www.valadaresnoticias.com.br\/v1\/wp-content\/uploads\/2025\/09\/Imagem-do-WhatsApp-de-2025-09-10-as-08.40.24_7ef2f714-600x422.jpg 600w, https:\/\/www.valadaresnoticias.com.br\/v1\/wp-content\/uploads\/2025\/09\/Imagem-do-WhatsApp-de-2025-09-10-as-08.40.24_7ef2f714-768x540.jpg 768w\" sizes=\"(max-width: 485px) 100vw, 485px\" \/><p id=\"caption-attachment-2286\" class=\"wp-caption-text\">O secret\u00e1rio Afonso Florence da Casa\u00a0Civil<\/p><\/div>\n<p>Com previs\u00e3o de in\u00edcio das obras em junho de 2026, o Sistema Rodovi\u00e1rio Ponte Salvador-Ilha de Itaparica \u00e9 considerado uma das maiores interven\u00e7\u00f5es de infraestrutura do pa\u00eds. A obra beneficiar\u00e1 diretamente e indiretamente mais de 10 milh\u00f5es de pessoas, promovendo a integra\u00e7\u00e3o entre a capital e o interior por meio da liga\u00e7\u00e3o com as rodovias BR-101, BR-116 e BR-242. O investimento estimado \u00e9 de aproximadamente R$ 12 bilh\u00f5es, entre recursos privados e contrapartida do Estado. O Sistema ser\u00e1 dividido em cinco trechos, incluindo os acessos vi\u00e1rios em Salvador, a estrutura principal da ponte de 12,4 km, a chegada \u00e0 Ilha, o desvio de Mar Grande e a recupera\u00e7\u00e3o e duplica\u00e7\u00e3o de parte da BA-001 entre Cacha Pregos e a cabeceira da Ponte do Funil.<br \/>\nA iniciativa tamb\u00e9m prev\u00ea gera\u00e7\u00e3o estimada de sete mil empregos diretos e indiretos, al\u00e9m de impulsionar o turismo e facilitar o acesso a bens e servi\u00e7os para comunidades da Ilha de Itaparica.<\/p>\n<p>N\u00facleo para a Alba<\/p>\n<p>Na ocasi\u00e3o, foi sancionada a lei de cria\u00e7\u00e3o do N\u00facleo de Atendimento ao Cidad\u00e3o e Transpar\u00eancia na Alba. A publica\u00e7\u00e3o ser\u00e1 nesta quarta-feira (10), no Di\u00e1rio Oficial do Estado (DOE). A presidente da Alba, deputada Ivana Bastos, destacou: \u201cPara nossa alegria, o governador sancionou a lei, onde esse n\u00facleo fica sobre a responsabilidade da presid\u00eancia da Alba, e a gente pode ter maior transpar\u00eancia, uma governan\u00e7a institucional para o cidad\u00e3o. \u00c9 humanizar, trazer mais o cidad\u00e3o para a Alba\u201d.<\/p>\n<p>Rep\u00f3rter: Joci Santana\/GOVBA \u2013 Fotos:\u00a0Wuiga\u00a0Rubini.<\/p>\n","protected":false},"excerpt":{"rendered":"<p>O governador Jer\u00f4nimo Rodrigues encaminhou, nesta ter\u00e7a-feira (9), para a Assembleia Legislativa da Bahia (Alba), o projeto de lei que cria a Secretaria Estadual para Assuntos do Sistema Rodovi\u00e1rio Ponte Salvador-Ilha de Itaparica (Seponte), durante reuni\u00e3o com deputados estaduais no Centro de Opera\u00e7\u00f5es e Intelig\u00eancia (COI), em Salvador. A pasta especial ser\u00e1 provis\u00f3ria e cuidar\u00e1 [&hellip;]<\/p>\n","protected":false},"author":3,"featured_media":2285,"comment_status":"closed","ping_status":"closed","sticky":false,"template":"","format":"standard","meta":{"_links_to":"","_links_to_target":""},"categories":[4],"tags":[],"_links":{"self":[{"href":"https:\/\/www.valadaresnoticias.com.br\/v1\/wp-json\/wp\/v2\/posts\/2284"}],"collection":[{"href":"https:\/\/www.valadaresnoticias.com.br\/v1\/wp-json\/wp\/v2\/posts"}],"about":[{"href":"https:\/\/www.valadaresnoticias.com.br\/v1\/wp-json\/wp\/v2\/types\/post"}],"author":[{"embeddable":true,"href":"https:\/\/www.valadaresnoticias.com.br\/v1\/wp-json\/wp\/v2\/users\/3"}],"replies":[{"embeddable":true,"href":"https:\/\/www.valadaresnoticias.com.br\/v1\/wp-json\/wp\/v2\/comments?post=2284"}],"version-history":[{"count":1,"href":"https:\/\/www.valadaresnoticias.com.br\/v1\/wp-json\/wp\/v2\/posts\/2284\/revisions"}],"predecessor-version":[{"id":2287,"href":"https:\/\/www.valadaresnoticias.com.br\/v1\/wp-json\/wp\/v2\/posts\/2284\/revisions\/2287"}],"wp:featuredmedia":[{"embeddable":true,"href":"https:\/\/www.valadaresnoticias.com.br\/v1\/wp-json\/wp\/v2\/media\/2285"}],"wp:attachment":[{"href":"https:\/\/www.valadaresnoticias.com.br\/v1\/wp-json\/wp\/v2\/media?parent=2284"}],"wp:term":[{"taxonomy":"category","embeddable":true,"href":"https:\/\/www.valadaresnoticias.com.br\/v1\/wp-json\/wp\/v2\/categories?post=2284"},{"taxonomy":"post_tag","embeddable":true,"href":"https:\/\/www.valadaresnoticias.com.br\/v1\/wp-json\/wp\/v2\/tags?post=2284"}],"curies":[{"name":"wp","href":"https:\/\/api.w.org\/{rel}","templated":true}]}}