{"id":2278,"date":"2025-09-10T12:40:46","date_gmt":"2025-09-10T15:40:46","guid":{"rendered":"https:\/\/www.valadaresnoticias.com.br\/v1\/?p=2278"},"modified":"2025-09-10T13:00:05","modified_gmt":"2025-09-10T16:00:05","slug":"agricultura-familiar-da-bahia-e-destaque-em-festival-de-gastronomia-na-franca","status":"publish","type":"post","link":"https:\/\/www.valadaresnoticias.com.br\/v1\/2025\/09\/10\/agricultura-familiar-da-bahia-e-destaque-em-festival-de-gastronomia-na-franca\/","title":{"rendered":"Agricultura familiar da Bahia \u00e9 destaque em festival de gastronomia na Fran\u00e7a"},"content":{"rendered":"<p><img loading=\"lazy\" class=\"alignnone wp-image-2279\" src=\"https:\/\/www.valadaresnoticias.com.br\/v1\/wp-content\/uploads\/2025\/09\/Imagem-do-WhatsApp-de-2025-09-09-as-09.30.46_88eff705.jpg\" alt=\"\" width=\"597\" height=\"394\" srcset=\"https:\/\/www.valadaresnoticias.com.br\/v1\/wp-content\/uploads\/2025\/09\/Imagem-do-WhatsApp-de-2025-09-09-as-09.30.46_88eff705.jpg 800w, https:\/\/www.valadaresnoticias.com.br\/v1\/wp-content\/uploads\/2025\/09\/Imagem-do-WhatsApp-de-2025-09-09-as-09.30.46_88eff705-300x198.jpg 300w, https:\/\/www.valadaresnoticias.com.br\/v1\/wp-content\/uploads\/2025\/09\/Imagem-do-WhatsApp-de-2025-09-09-as-09.30.46_88eff705-600x396.jpg 600w, https:\/\/www.valadaresnoticias.com.br\/v1\/wp-content\/uploads\/2025\/09\/Imagem-do-WhatsApp-de-2025-09-09-as-09.30.46_88eff705-768x507.jpg 768w\" sizes=\"(max-width: 597px) 100vw, 597px\" \/><\/p>\n<p>A agricultura familiar da Bahia atravessou o oceano e conquistou destaque em um dos mais importantes eventos da gastronomia internacional: o Festival Kouss-Kouss, realizado em Marselha, no sul da Fran\u00e7a. Na ocasi\u00e3o, a Cooperativa Agropecu\u00e1ria Mista Regional de Irec\u00ea (Copirec\u00ea), do munic\u00edpio de Irec\u00ea, reconhecida internacionalmente pela produ\u00e7\u00e3o de milho n\u00e3o transg\u00eanico, apresentou o tradicional floc\u00e3o de milho Puro Milho, ingrediente base do cuscuz que encantou os franceses.<\/p>\n<p><!--more--><\/p>\n<p>Para o diretor-presidente da Companhia de Desenvolvimento e A\u00e7\u00e3o Regional, vinculada \u00e0 Secretaria de Desenvolvimento Rural, Jeandro Ribeiro, a participa\u00e7\u00e3o reafirma a for\u00e7a e a qualidade da agricultura familiar da Bahia no cen\u00e1rio internacional: \u201cEstamos mostrando para o mundo o que os agricultores e agricultoras familiares baianos produzem com tanto cuidado e dedica\u00e7\u00e3o. Levar o milho n\u00e3o transg\u00eanico da Copirec\u00ea para a Fran\u00e7a \u00e9 mais que abrir mercado: \u00e9 valorizar nossa gente, nossa cultura e a seguran\u00e7a alimentar.\u201d<\/p>\n<p>A diretora-presidente da Copirec\u00ea, Zene Vieira, destacou o simbolismo de ver o cuscuz da agricultura familiar baiana em um festival internacional. \u201cEstar em Marselha \u00e9 uma vit\u00f3ria enorme para todos os cooperados. O nosso milho n\u00e3o transg\u00eanico ganha reconhecimento internacional e isso fortalece ainda mais a agricultura familiar baiana. Cada gr\u00e3o produzido pelos nossos agricultores tem hist\u00f3ria, tem identidade e agora tamb\u00e9m tem espa\u00e7o em um festival mundial.\u201d<\/p>\n<p>Quem acompanhou de perto a participa\u00e7\u00e3o foi Delma, baiana que vive na Fran\u00e7a desde 2020. Emocionada, ela celebrou o destaque conquistado pelo produto. \u201cFoi um orgulho imenso ver o floc\u00e3o da Copirec\u00ea no pa\u00eds da gastronomia. O cuscuz feito com milho n\u00e3o transg\u00eanico chamou aten\u00e7\u00e3o pela qualidade. \u00c9 um sucesso ver um produto da agricultura familiar da Bahia chegando aqui e mostrando sua for\u00e7a.\u201d *Luana Veiga<\/p>\n","protected":false},"excerpt":{"rendered":"<p>A agricultura familiar da Bahia atravessou o oceano e conquistou destaque em um dos mais importantes eventos da gastronomia internacional: o Festival Kouss-Kouss, realizado em Marselha, no sul da Fran\u00e7a. Na ocasi\u00e3o, a Cooperativa Agropecu\u00e1ria Mista Regional de Irec\u00ea (Copirec\u00ea), do munic\u00edpio de Irec\u00ea, reconhecida internacionalmente pela produ\u00e7\u00e3o de milho n\u00e3o transg\u00eanico, apresentou o tradicional [&hellip;]<\/p>\n","protected":false},"author":3,"featured_media":2279,"comment_status":"closed","ping_status":"closed","sticky":false,"template":"","format":"standard","meta":{"_links_to":"","_links_to_target":""},"categories":[2],"tags":[],"_links":{"self":[{"href":"https:\/\/www.valadaresnoticias.com.br\/v1\/wp-json\/wp\/v2\/posts\/2278"}],"collection":[{"href":"https:\/\/www.valadaresnoticias.com.br\/v1\/wp-json\/wp\/v2\/posts"}],"about":[{"href":"https:\/\/www.valadaresnoticias.com.br\/v1\/wp-json\/wp\/v2\/types\/post"}],"author":[{"embeddable":true,"href":"https:\/\/www.valadaresnoticias.com.br\/v1\/wp-json\/wp\/v2\/users\/3"}],"replies":[{"embeddable":true,"href":"https:\/\/www.valadaresnoticias.com.br\/v1\/wp-json\/wp\/v2\/comments?post=2278"}],"version-history":[{"count":2,"href":"https:\/\/www.valadaresnoticias.com.br\/v1\/wp-json\/wp\/v2\/posts\/2278\/revisions"}],"predecessor-version":[{"id":2288,"href":"https:\/\/www.valadaresnoticias.com.br\/v1\/wp-json\/wp\/v2\/posts\/2278\/revisions\/2288"}],"wp:featuredmedia":[{"embeddable":true,"href":"https:\/\/www.valadaresnoticias.com.br\/v1\/wp-json\/wp\/v2\/media\/2279"}],"wp:attachment":[{"href":"https:\/\/www.valadaresnoticias.com.br\/v1\/wp-json\/wp\/v2\/media?parent=2278"}],"wp:term":[{"taxonomy":"category","embeddable":true,"href":"https:\/\/www.valadaresnoticias.com.br\/v1\/wp-json\/wp\/v2\/categories?post=2278"},{"taxonomy":"post_tag","embeddable":true,"href":"https:\/\/www.valadaresnoticias.com.br\/v1\/wp-json\/wp\/v2\/tags?post=2278"}],"curies":[{"name":"wp","href":"https:\/\/api.w.org\/{rel}","templated":true}]}}