{"id":2269,"date":"2025-07-23T10:15:22","date_gmt":"2025-07-23T13:15:22","guid":{"rendered":"https:\/\/www.valadaresnoticias.com.br\/v1\/?p=2269"},"modified":"2025-09-10T13:00:36","modified_gmt":"2025-09-10T16:00:36","slug":"minha-casa-minha-vida-construcao-de-208-moradias-em-feira-sera-responsabilidade-do-governo-estadual-entenda","status":"publish","type":"post","link":"https:\/\/www.valadaresnoticias.com.br\/v1\/2025\/07\/23\/minha-casa-minha-vida-construcao-de-208-moradias-em-feira-sera-responsabilidade-do-governo-estadual-entenda\/","title":{"rendered":"Minha Casa, Minha Vida: constru\u00e7\u00e3o de 208 moradias em Feira ser\u00e1 responsabilidade do governo estadual; entenda"},"content":{"rendered":"<p><img loading=\"lazy\" class=\"alignnone  wp-image-2270\" src=\"https:\/\/www.valadaresnoticias.com.br\/v1\/wp-content\/uploads\/2025\/07\/minha-casa-minha-vida-em-santa-maria-da-vitoria-bahia.jpg\" alt=\"\" width=\"629\" height=\"419\" srcset=\"https:\/\/www.valadaresnoticias.com.br\/v1\/wp-content\/uploads\/2025\/07\/minha-casa-minha-vida-em-santa-maria-da-vitoria-bahia.jpg 640w, https:\/\/www.valadaresnoticias.com.br\/v1\/wp-content\/uploads\/2025\/07\/minha-casa-minha-vida-em-santa-maria-da-vitoria-bahia-300x200.jpg 300w, https:\/\/www.valadaresnoticias.com.br\/v1\/wp-content\/uploads\/2025\/07\/minha-casa-minha-vida-em-santa-maria-da-vitoria-bahia-600x399.jpg 600w\" sizes=\"(max-width: 629px) 100vw, 629px\" \/><\/p>\n<h4 class=\"single-head-description font-alt fw-normal fs-3 lg:fs-5 line-normal letter-normal\">O programa Minha Casa, Minha Vida possui diferentes formatos. Na modalidade Faixa 1, tanto o Governo do Estado quanto a Prefeitura e outras entidades podem coordenar processos de inscri\u00e7\u00e3o, sele\u00e7\u00e3o e envio de documenta\u00e7\u00e3o \u00e0 Caixa Econ\u00f4mica Federal.<\/h4>\n<p>Na segunda-feira, o governador da Bahia, Jer\u00f4nimo Rodrigues, acompanhado de autoridades como o ministro da Casa Civil, Rui Costa, esteve em Feira de Santana para\u00a0<a href=\"https:\/\/www.acordacidade.com.br\/feira-de-santana\/minha-casa-minha-vida-governo-federal-autoriza-208-moradias-para-familias-de-baixa-renda-em-feira-de-santana\/\" target=\"_blank\" rel=\"noreferrer noopener\">autorizar a constru\u00e7\u00e3o de 208 moradias do programa Minha Casa, Minha Vida<\/a>. O investimento \u00e9 de R$ 35 milh\u00f5es, repassados pela Caixa Econ\u00f4mica Federal, e as unidades beneficiar\u00e3o fam\u00edlias dos bairros Pedra do Descanso I e II.<\/p>\n<p><!--more--><\/p>\n<p><strong>A autoriza\u00e7\u00e3o gerou d\u00favidas entre os moradores sobre uma poss\u00edvel liga\u00e7\u00e3o com o processo seletivo da Prefeitura Municipal, que recentemente lan\u00e7ou seu pr\u00f3prio edital para 1.961 im\u00f3veis. No entanto, o secret\u00e1rio municipal de Habita\u00e7\u00e3o, Valdivan Nascimento, esclareceu que o novo conjunto de 208 moradias ser\u00e1 conduzido exclusivamente pelo governo do Estado.<\/strong><\/p>\n<p>\u201cSobre esse an\u00fancio que foi feito pelo governador de 208 unidades habitacionais para Feira de Santana, \u00e9 um processo que ser\u00e1 coordenado diretamente pelo governo do Estado. N\u00f3s, atrav\u00e9s da Secretaria de Habita\u00e7\u00e3o, estamos num outro processo de 1.961 im\u00f3veis, j\u00e1 na fase de entrega de documentos daqueles que foram pr\u00e9-selecionados. O an\u00fancio feito pelo governador se refere a um outro processo\u201d, afirmou Valdivan<\/p>\n<p>O programa Minha Casa, Minha Vida possui diferentes formatos. Na modalidade Faixa 1, tanto o Governo do Estado quanto a Prefeitura e outras entidades podem coordenar processos de inscri\u00e7\u00e3o, sele\u00e7\u00e3o e envio de documenta\u00e7\u00e3o \u00e0 Caixa Econ\u00f4mica Federal.<\/p>\n<p>\u201c\u00c9 uma boa not\u00edcia para a cidade. S\u00e3o mais unidades habitacionais vindo para Feira, e isso \u00e9 sempre bem-vindo. Por\u00e9m, \u00e9 importante esclarecer que essas unidades que ser\u00e3o constru\u00eddas na Pedra do Descanso s\u00e3o de responsabilidade direta do governo do Estado\u201d, refor\u00e7ou o secret\u00e1rio.<\/p>\n","protected":false},"excerpt":{"rendered":"<p>O programa Minha Casa, Minha Vida possui diferentes formatos. Na modalidade Faixa 1, tanto o Governo do Estado quanto a Prefeitura e outras entidades podem coordenar processos de inscri\u00e7\u00e3o, sele\u00e7\u00e3o e envio de documenta\u00e7\u00e3o \u00e0 Caixa Econ\u00f4mica Federal. Na segunda-feira, o governador da Bahia, Jer\u00f4nimo Rodrigues, acompanhado de autoridades como o ministro da Casa Civil, [&hellip;]<\/p>\n","protected":false},"author":3,"featured_media":2270,"comment_status":"closed","ping_status":"closed","sticky":false,"template":"","format":"standard","meta":{"_links_to":"","_links_to_target":""},"categories":[6,1],"tags":[],"_links":{"self":[{"href":"https:\/\/www.valadaresnoticias.com.br\/v1\/wp-json\/wp\/v2\/posts\/2269"}],"collection":[{"href":"https:\/\/www.valadaresnoticias.com.br\/v1\/wp-json\/wp\/v2\/posts"}],"about":[{"href":"https:\/\/www.valadaresnoticias.com.br\/v1\/wp-json\/wp\/v2\/types\/post"}],"author":[{"embeddable":true,"href":"https:\/\/www.valadaresnoticias.com.br\/v1\/wp-json\/wp\/v2\/users\/3"}],"replies":[{"embeddable":true,"href":"https:\/\/www.valadaresnoticias.com.br\/v1\/wp-json\/wp\/v2\/comments?post=2269"}],"version-history":[{"count":1,"href":"https:\/\/www.valadaresnoticias.com.br\/v1\/wp-json\/wp\/v2\/posts\/2269\/revisions"}],"predecessor-version":[{"id":2271,"href":"https:\/\/www.valadaresnoticias.com.br\/v1\/wp-json\/wp\/v2\/posts\/2269\/revisions\/2271"}],"wp:featuredmedia":[{"embeddable":true,"href":"https:\/\/www.valadaresnoticias.com.br\/v1\/wp-json\/wp\/v2\/media\/2270"}],"wp:attachment":[{"href":"https:\/\/www.valadaresnoticias.com.br\/v1\/wp-json\/wp\/v2\/media?parent=2269"}],"wp:term":[{"taxonomy":"category","embeddable":true,"href":"https:\/\/www.valadaresnoticias.com.br\/v1\/wp-json\/wp\/v2\/categories?post=2269"},{"taxonomy":"post_tag","embeddable":true,"href":"https:\/\/www.valadaresnoticias.com.br\/v1\/wp-json\/wp\/v2\/tags?post=2269"}],"curies":[{"name":"wp","href":"https:\/\/api.w.org\/{rel}","templated":true}]}}