{"id":2264,"date":"2025-07-16T13:46:59","date_gmt":"2025-07-16T16:46:59","guid":{"rendered":"https:\/\/www.valadaresnoticias.com.br\/v1\/?p=2264"},"modified":"2025-09-10T12:08:58","modified_gmt":"2025-09-10T15:08:58","slug":"desigualdade-racial-marca-pos-graduacao-no-brasil-negros-e-indigenas-ainda-sao-minoria-entre-mestres-e-doutores","status":"publish","type":"post","link":"https:\/\/www.valadaresnoticias.com.br\/v1\/2025\/07\/16\/desigualdade-racial-marca-pos-graduacao-no-brasil-negros-e-indigenas-ainda-sao-minoria-entre-mestres-e-doutores\/","title":{"rendered":"Desigualdade racial marca p\u00f3s-gradua\u00e7\u00e3o no Brasil: negros e ind\u00edgenas ainda s\u00e3o minoria entre mestres e doutores"},"content":{"rendered":"<h1><img loading=\"lazy\" class=\"alignnone size-full wp-image-2265\" src=\"https:\/\/www.valadaresnoticias.com.br\/v1\/wp-content\/uploads\/2025\/07\/povos-tradicionais.jpg\" alt=\"\" width=\"602\" height=\"316\" srcset=\"https:\/\/www.valadaresnoticias.com.br\/v1\/wp-content\/uploads\/2025\/07\/povos-tradicionais.jpg 602w, https:\/\/www.valadaresnoticias.com.br\/v1\/wp-content\/uploads\/2025\/07\/povos-tradicionais-300x157.jpg 300w, https:\/\/www.valadaresnoticias.com.br\/v1\/wp-content\/uploads\/2025\/07\/povos-tradicionais-600x315.jpg 600w\" sizes=\"(max-width: 602px) 100vw, 602px\" \/><\/h1>\n<p><strong>\u00a0*Bahia Not\u00edcias<\/strong><\/p>\n<p>Foto: Marcelo Camargo \/ EBC<\/p>\n<p>Apesar de representarem a maioria da popula\u00e7\u00e3o brasileira, 55,5%, conforme o Censo 2022, negros seguem sendo minoria na p\u00f3s-gradua\u00e7\u00e3o stricto sensu, tanto no mestrado quanto no doutorado. Um levantamento realizado pelo Centro de Gest\u00e3o e Estudos Estrat\u00e9gicos (CGEE) revela que, entre 1996 e 2021, brancos foram respons\u00e1veis por 49,5% dos t\u00edtulos de mestrado e 57,8% dos de doutorado no pa\u00eds.<!--more--><\/p>\n<p>Os dados, apresentados nesta ter\u00e7a-feira (15) durante a 77\u00aa Reuni\u00e3o Anual da Sociedade Brasileira para o Progresso da Ci\u00eancia (SBPC), em Recife (PE), escancaram o abismo racial na ci\u00eancia brasileira. De acordo com a pesquisa, pretos representam apenas 4,1% dos mestres e 3,4% dos doutores no per\u00edodo analisado, enquanto pardos somam 16,7% e 14,9%, respectivamente. Ind\u00edgenas t\u00eam a menor participa\u00e7\u00e3o, com 0,23% dos mestres e 0,3% dos doutores titulados entre 1996 e 2021.<\/p>\n<p>&nbsp;<\/p>\n<p>A coordenadora do estudo, Sofia Daher, analista em ci\u00eancia e tecnologia e assessora t\u00e9cnica do CGEE, destaca que a desigualdade tamb\u00e9m se expressa quando os dados s\u00e3o analisados proporcionalmente \u00e0 popula\u00e7\u00e3o. Em 2021, havia 38,9 mestres brancos por 100 mil habitantes, enquanto o n\u00famero cai para 21,4 entre pretos, 16,1 entre pardos e 16 entre ind\u00edgenas. No doutorado, a discrep\u00e2ncia se amplia: 14,5 brancos por 100 mil habitantes, contra cerca de 5 para as demais categorias raciais.<\/p>\n<p>&nbsp;<\/p>\n<p>Al\u00e9m das barreiras no acesso \u00e0 p\u00f3s-gradua\u00e7\u00e3o, as desigualdades persistem mesmo ap\u00f3s a titula\u00e7\u00e3o. O estudo revela que os profissionais brancos continuam concentrando a maior parte dos v\u00ednculos empregat\u00edcios formais e tamb\u00e9m recebem sal\u00e1rios mais altos. Em 2021, mestres pretos ganhavam, em m\u00e9dia, 13,6% menos do que seus colegas brancos. Entre os doutores, a diferen\u00e7a salarial foi de 6,4%.<\/p>\n<p>&nbsp;<\/p>\n<p>\u201cQuando se analisa a remunera\u00e7\u00e3o, observa-se uma desvantagem significativa, com sal\u00e1rios inferiores aos da popula\u00e7\u00e3o branca, tomada como refer\u00eancia por apresentar as maiores remunera\u00e7\u00f5es entre mestres e doutores\u201d, afirmou Sofia Daher em nota \u00e0 imprensa.<\/p>\n<p>&nbsp;<\/p>\n<p>Vinculado ao Minist\u00e9rio da Ci\u00eancia, Tecnologia e Inova\u00e7\u00e3o (MCTI), o CGEE \u00e9 uma associa\u00e7\u00e3o civil sem fins lucrativos, com sede em Bras\u00edlia, que realiza estudos estrat\u00e9gicos sobre ci\u00eancia, tecnologia e inova\u00e7\u00e3o no Brasil.<\/p>\n","protected":false},"excerpt":{"rendered":"<p>\u00a0*Bahia Not\u00edcias Foto: Marcelo Camargo \/ EBC Apesar de representarem a maioria da popula\u00e7\u00e3o brasileira, 55,5%, conforme o Censo 2022, negros seguem sendo minoria na p\u00f3s-gradua\u00e7\u00e3o stricto sensu, tanto no mestrado quanto no doutorado. Um levantamento realizado pelo Centro de Gest\u00e3o e Estudos Estrat\u00e9gicos (CGEE) revela que, entre 1996 e 2021, brancos foram respons\u00e1veis por [&hellip;]<\/p>\n","protected":false},"author":3,"featured_media":2265,"comment_status":"closed","ping_status":"closed","sticky":false,"template":"","format":"standard","meta":{"_links_to":"","_links_to_target":""},"categories":[1],"tags":[],"_links":{"self":[{"href":"https:\/\/www.valadaresnoticias.com.br\/v1\/wp-json\/wp\/v2\/posts\/2264"}],"collection":[{"href":"https:\/\/www.valadaresnoticias.com.br\/v1\/wp-json\/wp\/v2\/posts"}],"about":[{"href":"https:\/\/www.valadaresnoticias.com.br\/v1\/wp-json\/wp\/v2\/types\/post"}],"author":[{"embeddable":true,"href":"https:\/\/www.valadaresnoticias.com.br\/v1\/wp-json\/wp\/v2\/users\/3"}],"replies":[{"embeddable":true,"href":"https:\/\/www.valadaresnoticias.com.br\/v1\/wp-json\/wp\/v2\/comments?post=2264"}],"version-history":[{"count":1,"href":"https:\/\/www.valadaresnoticias.com.br\/v1\/wp-json\/wp\/v2\/posts\/2264\/revisions"}],"predecessor-version":[{"id":2266,"href":"https:\/\/www.valadaresnoticias.com.br\/v1\/wp-json\/wp\/v2\/posts\/2264\/revisions\/2266"}],"wp:featuredmedia":[{"embeddable":true,"href":"https:\/\/www.valadaresnoticias.com.br\/v1\/wp-json\/wp\/v2\/media\/2265"}],"wp:attachment":[{"href":"https:\/\/www.valadaresnoticias.com.br\/v1\/wp-json\/wp\/v2\/media?parent=2264"}],"wp:term":[{"taxonomy":"category","embeddable":true,"href":"https:\/\/www.valadaresnoticias.com.br\/v1\/wp-json\/wp\/v2\/categories?post=2264"},{"taxonomy":"post_tag","embeddable":true,"href":"https:\/\/www.valadaresnoticias.com.br\/v1\/wp-json\/wp\/v2\/tags?post=2264"}],"curies":[{"name":"wp","href":"https:\/\/api.w.org\/{rel}","templated":true}]}}