{"id":2261,"date":"2025-07-16T12:30:59","date_gmt":"2025-07-16T15:30:59","guid":{"rendered":"https:\/\/www.valadaresnoticias.com.br\/v1\/?p=2261"},"modified":"2025-09-10T11:52:37","modified_gmt":"2025-09-10T14:52:37","slug":"secretario-da-casa-civil-detalha-cronograma-das-obras-da-ponte-salvador-itaparica-vlt-e-nova-rodoviaria","status":"publish","type":"post","link":"https:\/\/www.valadaresnoticias.com.br\/v1\/2025\/07\/16\/secretario-da-casa-civil-detalha-cronograma-das-obras-da-ponte-salvador-itaparica-vlt-e-nova-rodoviaria\/","title":{"rendered":"Secret\u00e1rio da Casa Civil detalha cronograma das obras da Ponte Salvador-Itaparica, VLT e nova rodovi\u00e1ria"},"content":{"rendered":"<h1><img loading=\"lazy\" class=\"alignnone size-full wp-image-2262\" src=\"https:\/\/www.valadaresnoticias.com.br\/v1\/wp-content\/uploads\/2025\/07\/afonso.jpg\" alt=\"\" width=\"600\" height=\"387\" srcset=\"https:\/\/www.valadaresnoticias.com.br\/v1\/wp-content\/uploads\/2025\/07\/afonso.jpg 600w, https:\/\/www.valadaresnoticias.com.br\/v1\/wp-content\/uploads\/2025\/07\/afonso-300x194.jpg 300w\" sizes=\"(max-width: 600px) 100vw, 600px\" \/><\/h1>\n<h4>Afonso Florence afirma que parte das estruturas pode estar em funcionamento ainda neste ano<\/h4>\n<p>O ent\u00e3o secret\u00e1rio da Casa Civil da Bahia, Afonso Florence, afirmou, em entrevista \u00e0 <strong>R\u00e1dio Metropole<\/strong> na \u00faltima segunda-feira (14), que obras estrat\u00e9gicas como a Ponte Salvador-Itaparica, o VLT do Sub\u00farbio e a nova rodovi\u00e1ria da capital ter\u00e3o etapas vis\u00edveis e operacionais ainda em 2025. Segundo o secret\u00e1rio, os prazos est\u00e3o sendo cumpridos, e parte das estruturas ser\u00e1 entregue antes do per\u00edodo de veda\u00e7\u00e3o eleitoral.<\/p>\n<p><!--more--><strong>Ponte Salvador-Itaparica<\/strong><\/p>\n<p>Sobre a ponte, Florence afirmou que o\u00a0projeto executivo\u00a0est\u00e1 sendo finalizado pela empresa respons\u00e1vel. De acordo com ele, s\u00e3o 105 pilares na estrutura e cada um deles tem um projeto espec\u00edfico. A Marinha, no entanto,\u00a0estipulou novas precau\u00e7\u00f5es para os pilares do v\u00e3o central da estrutura. \u201cSe n\u00e3o toda, parte dessa ponte estar\u00e1 edificada, haver\u00e1 algo vis\u00edvel e palp\u00e1vel na Ba\u00eda de Todos-os-Santos antes do per\u00edodo de veda\u00e7\u00e3o eleitoral\u201d, afirmou o secret\u00e1rio, detalhando que a pr\u00f3xima novidade ser\u00e1 uma miss\u00e3o de t\u00e9cnicos do governo do estado para constru\u00e7\u00e3o de uma ponte de a\u00e7o que vai viabilizar a constru\u00e7\u00e3o da ponte permanente.<\/p>\n<p>\u201cCom a pandemia, parou a economia global, todos esses contratos ficaram comprometidos. Quando assumimos iniciamos uma negocia\u00e7\u00e3o, assinamos, no dia 4 de junho, o primeiro termo aditivo do contrato que era de 2020, com autoriza\u00e7\u00e3o de Minist\u00e9rio P\u00fablico e do Tribunal de Contas, ent\u00e3o agora temos um contrato modernizado. A oposi\u00e7\u00e3o est\u00e1 sem discurso, n\u00e3o tem como atacar Jer\u00f4nimo. Eles buscam e n\u00e3o encontram. Fizeram isso com o VLT e pararam. Est\u00e3o fazendo com a ponte e vbrevemente parar\u00e3o e v\u00e3o migrar para algo intang\u00edvel&#8221;, pontuou.<\/p>\n<p><strong>VLT do Sub\u00farbio<\/strong><\/p>\n<p>Com rela\u00e7\u00e3o ao VLT, Florence informou que os trens adquiridos do Mato Grosso j\u00e1 est\u00e3o em fase de adequa\u00e7\u00e3o na f\u00e1brica da CAF, em Hortol\u00e2ndia (SP). \u201cEm dezembro deve chegar a primeira composi\u00e7\u00e3o de trens, e a expectativa \u00e9 de, em janeiro, come\u00e7ar a fazer opera\u00e7\u00e3o assistida de ir e voltar antes de colocar em uso\u201d, disse. O trecho inicial vai ligar Paripe a \u00c1guas Claras e, segundo ele, o projeto foi desenvolvido em tempo recorde: \u201cA oposi\u00e7\u00e3o parou de pedir pressa, parou de tocar no assunto\u201d.<\/p>\n<p>De acordo com o secret\u00e1rio, o atraso do VLT est\u00e1 relacionado a um divis\u00e3o da\u00a0concession\u00e1ria respons\u00e1vel pela obra. O governo chegou a tentar a moderniza\u00e7\u00e3o do contrato, mas o Tribunal de Contas n\u00e3o permitiu, diferente do que aconteceu com a Ponte Salvador-Itaparica, sem \u00eaxito tamb\u00e9m na negocia\u00e7\u00e3o com a empresa, o contrato foi rescindido. Inicialmente esse projeto tratava de um VLT elevado da Cal\u00e7ada at\u00e9 Paripe, agora, o novo projeto, desenvolvido pela CTB\u00a0(Companhia de Transportes do Estado da Bahia) prev\u00ea um modal todo no ch\u00e3o, ligando a Cal\u00e7ada at\u00e9 Ilha de S\u00e3o Jo\u00e3o (Sim\u00f5es Filho), Paripe a \u00c1guas Claras e depos at\u00e9 Piat\u00e3.<\/p>\n<p>&#8220;\u00c9 um projeto novo, desenvolvido no ano de 2023, e eu diria R$ 5 bilh\u00f5es o primeiro trecho, Cal\u00e7ada-Ilha de S\u00e3o Jo\u00e3o. Aproximadamente R$ 1,2 bilh\u00e3o o de Paripe at\u00e9 \u00c1guas Claras, com duplica\u00e7\u00e3o da estrada do Derba&#8221;, detalhou.<\/p>\n<p><strong>Nova Rodovi\u00e1ria<\/strong><\/p>\n<p>J\u00e1 sobre a nova rodovi\u00e1ria, o secret\u00e1rio explicou que uma das empresas do cons\u00f3rcio vencedor da concess\u00e3o desistiu do projeto, o que gerou a necessidade de ajustes contratuais. Apesar disso, disse que h\u00e1 possibilidade do terminal estar\u00e1 em funcionamento ainda este ano.<\/p>\n<h5>Exonerado<\/h5>\n<p>a exonera\u00e7\u00e3o tempor\u00e1ria do secret\u00e1rio Afonso Florence, que estava Deputado federal licenciado, foi\u00a0 explicada por ele, que, o motivo de sua breve sa\u00edda foi para preencher o sistema para aloca\u00e7\u00e3o de emendas paralamentares. Em seu lugar assume o chefe de Gabinete Carlos Palma de Mello, que vai, cumulativamente, responder pelo expediente da pasta.<\/p>\n<p><strong>Fonte: Blog Povos Ind\u00edgenas<\/strong><\/p>\n<p>Assista a entrevista na \u00edntegra, clicanco no v\u00eddeo abaixo.<\/p>\n<p><iframe loading=\"lazy\" title=\"Bom Dia com M\u00e1rio Kert\u00e9sz e JB no Ar - Afonso Florence - 14\/07\/2025\" width=\"500\" height=\"281\" src=\"https:\/\/www.youtube.com\/embed\/zZxEH4oJFRg?feature=oembed\" frameborder=\"0\" allow=\"accelerometer; autoplay; clipboard-write; encrypted-media; gyroscope; picture-in-picture; web-share\" referrerpolicy=\"strict-origin-when-cross-origin\" allowfullscreen><\/iframe><\/p>\n","protected":false},"excerpt":{"rendered":"<p>Afonso Florence afirma que parte das estruturas pode estar em funcionamento ainda neste ano O ent\u00e3o secret\u00e1rio da Casa Civil da Bahia, Afonso Florence, afirmou, em entrevista \u00e0 R\u00e1dio Metropole na \u00faltima segunda-feira (14), que obras estrat\u00e9gicas como a Ponte Salvador-Itaparica, o VLT do Sub\u00farbio e a nova rodovi\u00e1ria da capital ter\u00e3o etapas vis\u00edveis e [&hellip;]<\/p>\n","protected":false},"author":3,"featured_media":2262,"comment_status":"closed","ping_status":"closed","sticky":false,"template":"","format":"standard","meta":{"_links_to":"","_links_to_target":""},"categories":[1],"tags":[],"_links":{"self":[{"href":"https:\/\/www.valadaresnoticias.com.br\/v1\/wp-json\/wp\/v2\/posts\/2261"}],"collection":[{"href":"https:\/\/www.valadaresnoticias.com.br\/v1\/wp-json\/wp\/v2\/posts"}],"about":[{"href":"https:\/\/www.valadaresnoticias.com.br\/v1\/wp-json\/wp\/v2\/types\/post"}],"author":[{"embeddable":true,"href":"https:\/\/www.valadaresnoticias.com.br\/v1\/wp-json\/wp\/v2\/users\/3"}],"replies":[{"embeddable":true,"href":"https:\/\/www.valadaresnoticias.com.br\/v1\/wp-json\/wp\/v2\/comments?post=2261"}],"version-history":[{"count":1,"href":"https:\/\/www.valadaresnoticias.com.br\/v1\/wp-json\/wp\/v2\/posts\/2261\/revisions"}],"predecessor-version":[{"id":2263,"href":"https:\/\/www.valadaresnoticias.com.br\/v1\/wp-json\/wp\/v2\/posts\/2261\/revisions\/2263"}],"wp:featuredmedia":[{"embeddable":true,"href":"https:\/\/www.valadaresnoticias.com.br\/v1\/wp-json\/wp\/v2\/media\/2262"}],"wp:attachment":[{"href":"https:\/\/www.valadaresnoticias.com.br\/v1\/wp-json\/wp\/v2\/media?parent=2261"}],"wp:term":[{"taxonomy":"category","embeddable":true,"href":"https:\/\/www.valadaresnoticias.com.br\/v1\/wp-json\/wp\/v2\/categories?post=2261"},{"taxonomy":"post_tag","embeddable":true,"href":"https:\/\/www.valadaresnoticias.com.br\/v1\/wp-json\/wp\/v2\/tags?post=2261"}],"curies":[{"name":"wp","href":"https:\/\/api.w.org\/{rel}","templated":true}]}}