{"id":2255,"date":"2025-07-12T10:35:21","date_gmt":"2025-07-12T13:35:21","guid":{"rendered":"https:\/\/www.valadaresnoticias.com.br\/v1\/?p=2255"},"modified":"2025-09-10T12:09:05","modified_gmt":"2025-09-10T15:09:05","slug":"governo-do-estado-inaugura-nova-escola-de-tempo-integral-e-reforca-estrutura-de-saude-em-antas","status":"publish","type":"post","link":"https:\/\/www.valadaresnoticias.com.br\/v1\/2025\/07\/12\/governo-do-estado-inaugura-nova-escola-de-tempo-integral-e-reforca-estrutura-de-saude-em-antas\/","title":{"rendered":"Governo do Estado inaugura nova escola de tempo integral e refor\u00e7a estrutura de sa\u00fade em Antas\u2028\u2028"},"content":{"rendered":"<p><img loading=\"lazy\" class=\"alignnone  wp-image-2257\" src=\"https:\/\/www.valadaresnoticias.com.br\/v1\/wp-content\/uploads\/2025\/07\/JERO-EM-ANTAS.jpg\" alt=\"\" width=\"615\" height=\"346\" srcset=\"https:\/\/www.valadaresnoticias.com.br\/v1\/wp-content\/uploads\/2025\/07\/JERO-EM-ANTAS.jpg 1280w, https:\/\/www.valadaresnoticias.com.br\/v1\/wp-content\/uploads\/2025\/07\/JERO-EM-ANTAS-300x169.jpg 300w, https:\/\/www.valadaresnoticias.com.br\/v1\/wp-content\/uploads\/2025\/07\/JERO-EM-ANTAS-600x338.jpg 600w, https:\/\/www.valadaresnoticias.com.br\/v1\/wp-content\/uploads\/2025\/07\/JERO-EM-ANTAS-768x432.jpg 768w\" sizes=\"(max-width: 615px) 100vw, 615px\" \/><\/p>\n<p>Com 12 salas de aula, laborat\u00f3rios, biblioteca, teatro, audit\u00f3rio e um complexo e equipamentos poliesportivos, a nova sede do Col\u00e9gio Estadual de Tempo Integral Professora Luiza Carvalho Silva foi inaugurada nesta sexta-feira (11), no munic\u00edpio de Antas, pelo governador Jer\u00f4nimo Rodrigues. A nova unidade representa um marco para a educa\u00e7\u00e3o na cidade, oferecendo uma estrutura moderna e voltada para o ensino em tempo integral. Com um investimento de mais de R$ 24 milh\u00f5es, o espa\u00e7o foi pensado para garantir conforto, acessibilidade e um ambiente de aprendizado mais din\u00e2mico e acolhedor para os estudantes.<\/p>\n<p><!--more--><\/p>\n<p>Para o estudante Caio Mendes, a nova estrutura faz toda a diferen\u00e7a na vida dos alunos. \u201cUma escola assim d\u00e1 mais vontade de estudar. A gente chega e v\u00ea um lugar bonito, bem cuidado, com tudo funcionando. Isso motiva, melhora nosso interesse e facilita muito o aprendizado\u201d, afirmou. O novo ambiente, segundo ele, contribui para que os estudantes se sintam valorizados e mais preparados para o futuro.<\/p>\n<p><img loading=\"lazy\" class=\"alignnone  wp-image-2259\" src=\"https:\/\/www.valadaresnoticias.com.br\/v1\/wp-content\/uploads\/2025\/07\/QUADRA-EM-ANTAS.jpg\" alt=\"\" width=\"617\" height=\"347\" srcset=\"https:\/\/www.valadaresnoticias.com.br\/v1\/wp-content\/uploads\/2025\/07\/QUADRA-EM-ANTAS.jpg 1280w, https:\/\/www.valadaresnoticias.com.br\/v1\/wp-content\/uploads\/2025\/07\/QUADRA-EM-ANTAS-300x169.jpg 300w, https:\/\/www.valadaresnoticias.com.br\/v1\/wp-content\/uploads\/2025\/07\/QUADRA-EM-ANTAS-600x338.jpg 600w, https:\/\/www.valadaresnoticias.com.br\/v1\/wp-content\/uploads\/2025\/07\/QUADRA-EM-ANTAS-768x432.jpg 768w\" sizes=\"(max-width: 617px) 100vw, 617px\" \/><\/p>\n<p>Durante a inaugura\u00e7\u00e3o, o governador destacou a import\u00e2ncia da nova sede para a juventude de Antas. \u201cEssa \u00e9 uma entrega que representa muito mais do que uma obra f\u00edsica. \u00c9 um investimento no futuro dos jovens, na educa\u00e7\u00e3o de qualidade e no desenvolvimento da nossa gente\u201d, afirmou. Ele tamb\u00e9m ressaltou o papel do ensino em tempo integral na forma\u00e7\u00e3o dos alunos. \u201cEsse modelo amplia o tempo de aprendizagem, estimula o protagonismo e oferece novas oportunidades para os estudantes\u201d.<\/p>\n<p><img loading=\"lazy\" class=\"alignnone  wp-image-2256\" src=\"https:\/\/www.valadaresnoticias.com.br\/v1\/wp-content\/uploads\/2025\/07\/EQUIPAMENTOS-GOV.jpg\" alt=\"\" width=\"597\" height=\"336\" srcset=\"https:\/\/www.valadaresnoticias.com.br\/v1\/wp-content\/uploads\/2025\/07\/EQUIPAMENTOS-GOV.jpg 1280w, https:\/\/www.valadaresnoticias.com.br\/v1\/wp-content\/uploads\/2025\/07\/EQUIPAMENTOS-GOV-300x169.jpg 300w, https:\/\/www.valadaresnoticias.com.br\/v1\/wp-content\/uploads\/2025\/07\/EQUIPAMENTOS-GOV-600x338.jpg 600w, https:\/\/www.valadaresnoticias.com.br\/v1\/wp-content\/uploads\/2025\/07\/EQUIPAMENTOS-GOV-768x432.jpg 768w\" sizes=\"(max-width: 597px) 100vw, 597px\" \/><\/p>\n<p>A secret\u00e1ria da Educa\u00e7\u00e3o, Rowenna Brito, tamb\u00e9m celebrou a entrega e os avan\u00e7os para a comunidade escolar. \u201cEssa estrutura vai nos permitir atender mais alunos, com mais qualidade. Eles ter\u00e3o acesso a um ensino mais completo, com atividades culturais, esportivas e de refor\u00e7o escolar\u201d, explicou.<\/p>\n<p>Refor\u00e7o na sa\u00fade e infraestrutura<\/p>\n<p>Al\u00e9m da entrega da nova escola, o munic\u00edpio de Antas foi contemplado com investimentos na \u00e1rea da sa\u00fade. Por meio da Secretaria da Sa\u00fade do Estado da Bahia (Sesab), foram entregues novos equipamentos para os hospitais Santa Maria e Nossa Senhora de Lourdes, com o objetivo de qualificar e ampliar os atendimentos na unidade. A cidade tamb\u00e9m recebeu uma van para o Transporte Fora de Domic\u00edlio (TFD) e uma nova ambul\u00e2ncia, que refor\u00e7am a estrutura de mobilidade da sa\u00fade p\u00fablica e garantem mais agilidade no atendimento a pacientes que necessitam de cuidados especializados fora do munic\u00edpio.<\/p>\n<p><img loading=\"lazy\" class=\"alignnone  wp-image-2258\" src=\"https:\/\/www.valadaresnoticias.com.br\/v1\/wp-content\/uploads\/2025\/07\/COLEGIO-ANTAS.jpg\" alt=\"\" width=\"611\" height=\"343\" srcset=\"https:\/\/www.valadaresnoticias.com.br\/v1\/wp-content\/uploads\/2025\/07\/COLEGIO-ANTAS.jpg 600w, https:\/\/www.valadaresnoticias.com.br\/v1\/wp-content\/uploads\/2025\/07\/COLEGIO-ANTAS-300x169.jpg 300w\" sizes=\"(max-width: 611px) 100vw, 611px\" \/><\/p>\n<p>Ainda no munic\u00edpio, o governador autorizou a implanta\u00e7\u00e3o de um ponto do Servi\u00e7o de Atendimento ao Consumidor (SAC) e a elabora\u00e7\u00e3o do projeto para pavimenta\u00e7\u00e3o da rodovia BA-392, no trecho entre Antas e o entroncamento com o munic\u00edpio de C\u00edcero Dantas, atendendo a uma demanda antiga da popula\u00e7\u00e3o e contribuindo para melhorar a infraestrutura e a mobilidade na regi\u00e3o. A expectativa \u00e9 que a obra conte com investimento de mais de R$ 22 milh\u00f5es.<\/p>\n<p>Rep\u00f3rter: T\u00e1cio Santos\/GOVBA<br \/>\nFotos Feij\u00e3o Almeida GOVBA<\/p>\n","protected":false},"excerpt":{"rendered":"<p>Com 12 salas de aula, laborat\u00f3rios, biblioteca, teatro, audit\u00f3rio e um complexo e equipamentos poliesportivos, a nova sede do Col\u00e9gio Estadual de Tempo Integral Professora Luiza Carvalho Silva foi inaugurada nesta sexta-feira (11), no munic\u00edpio de Antas, pelo governador Jer\u00f4nimo Rodrigues. A nova unidade representa um marco para a educa\u00e7\u00e3o na cidade, oferecendo uma estrutura [&hellip;]<\/p>\n","protected":false},"author":3,"featured_media":2257,"comment_status":"closed","ping_status":"closed","sticky":false,"template":"","format":"standard","meta":{"_links_to":"","_links_to_target":""},"categories":[1],"tags":[],"_links":{"self":[{"href":"https:\/\/www.valadaresnoticias.com.br\/v1\/wp-json\/wp\/v2\/posts\/2255"}],"collection":[{"href":"https:\/\/www.valadaresnoticias.com.br\/v1\/wp-json\/wp\/v2\/posts"}],"about":[{"href":"https:\/\/www.valadaresnoticias.com.br\/v1\/wp-json\/wp\/v2\/types\/post"}],"author":[{"embeddable":true,"href":"https:\/\/www.valadaresnoticias.com.br\/v1\/wp-json\/wp\/v2\/users\/3"}],"replies":[{"embeddable":true,"href":"https:\/\/www.valadaresnoticias.com.br\/v1\/wp-json\/wp\/v2\/comments?post=2255"}],"version-history":[{"count":1,"href":"https:\/\/www.valadaresnoticias.com.br\/v1\/wp-json\/wp\/v2\/posts\/2255\/revisions"}],"predecessor-version":[{"id":2260,"href":"https:\/\/www.valadaresnoticias.com.br\/v1\/wp-json\/wp\/v2\/posts\/2255\/revisions\/2260"}],"wp:featuredmedia":[{"embeddable":true,"href":"https:\/\/www.valadaresnoticias.com.br\/v1\/wp-json\/wp\/v2\/media\/2257"}],"wp:attachment":[{"href":"https:\/\/www.valadaresnoticias.com.br\/v1\/wp-json\/wp\/v2\/media?parent=2255"}],"wp:term":[{"taxonomy":"category","embeddable":true,"href":"https:\/\/www.valadaresnoticias.com.br\/v1\/wp-json\/wp\/v2\/categories?post=2255"},{"taxonomy":"post_tag","embeddable":true,"href":"https:\/\/www.valadaresnoticias.com.br\/v1\/wp-json\/wp\/v2\/tags?post=2255"}],"curies":[{"name":"wp","href":"https:\/\/api.w.org\/{rel}","templated":true}]}}