{"id":2234,"date":"2025-07-09T08:37:49","date_gmt":"2025-07-09T11:37:49","guid":{"rendered":"https:\/\/www.valadaresnoticias.com.br\/v1\/?p=2234"},"modified":"2025-09-10T11:48:14","modified_gmt":"2025-09-10T14:48:14","slug":"serra-preta-prefeito-declara-apoio-ao-governador-jeronimo-rodrigues-e-rompe-com-acm-neto","status":"publish","type":"post","link":"https:\/\/www.valadaresnoticias.com.br\/v1\/2025\/07\/09\/serra-preta-prefeito-declara-apoio-ao-governador-jeronimo-rodrigues-e-rompe-com-acm-neto\/","title":{"rendered":"Serra Preta: Prefeito declara apoio ao governador Jer\u00f4nimo Rodrigues e rompe com ACM Neto"},"content":{"rendered":"<div class=\"elementor-element elementor-element-48dfdd33 elementor-widget elementor-widget-theme-post-featured-image elementor-widget-image\" data-id=\"48dfdd33\" data-element_type=\"widget\" data-widget_type=\"theme-post-featured-image.default\">\n<div class=\"elementor-widget-container\">\n<figure class=\"wp-caption\"><figcaption class=\"widget-image-caption wp-caption-text\">\n<div id=\"attachment_2235\" style=\"width: 610px\" class=\"wp-caption alignnone\"><img aria-describedby=\"caption-attachment-2235\" loading=\"lazy\" class=\"wp-image-2235 size-full\" src=\"https:\/\/www.valadaresnoticias.com.br\/v1\/wp-content\/uploads\/2025\/07\/SERRA-PRETA-COM-JERO.jpg\" alt=\"\" width=\"600\" height=\"395\" srcset=\"https:\/\/www.valadaresnoticias.com.br\/v1\/wp-content\/uploads\/2025\/07\/SERRA-PRETA-COM-JERO.jpg 600w, https:\/\/www.valadaresnoticias.com.br\/v1\/wp-content\/uploads\/2025\/07\/SERRA-PRETA-COM-JERO-300x198.jpg 300w\" sizes=\"(max-width: 600px) 100vw, 600px\" \/><p id=\"caption-attachment-2235\" class=\"wp-caption-text\"><strong>Durante audi\u00eancia no CAB, o prefeito de Serra Preta, Franklin Leite (Avante), oficializa apoio ao governador Jer\u00f4nimo Rodrigues (PT) e afirma compromisso com a gest\u00e3o estadual, ap\u00f3s ter apoiado ACM Neto nas elei\u00e7\u00f5es de 2022. Prefeito Franklin Leite afirma que ser\u00e1 &#8220;soldado&#8221; do governador Jer\u00f4nimo Rodrigues.<\/strong><\/p><\/div>\n<\/figcaption><\/figure>\n<\/div>\n<\/div>\n<div class=\"elementor-element elementor-element-61f1d10f elementor-widget elementor-widget-theme-post-content\" data-id=\"61f1d10f\" data-element_type=\"widget\" data-widget_type=\"theme-post-content.default\">\n<div class=\"elementor-widget-container\">\n<p data-start=\"494\" data-end=\"895\">O prefeito de\u00a0<strong data-start=\"508\" data-end=\"523\">Serra Preta<\/strong>, Franklin Leite (Avante), declarou\u00a0<strong data-start=\"559\" data-end=\"615\">apoio pol\u00edtico ao governador Jer\u00f4nimo Rodrigues (PT)<\/strong>\u00a0durante audi\u00eancia realizada na tarde de\u00a0<strong data-start=\"656\" data-end=\"684\">ter\u00e7a-feira (08\/07\/2025)<\/strong>, no Centro Administrativo da Bahia. A declara\u00e7\u00e3o marca uma\u00a0<strong data-start=\"744\" data-end=\"770\">mudan\u00e7a de alinhamento<\/strong>\u00a0em rela\u00e7\u00e3o \u00e0 elei\u00e7\u00e3o de 2022, quando Leite apoiou o ex-prefeito de Salvador,\u00a0<strong data-start=\"848\" data-end=\"860\">ACM Neto<\/strong>, na disputa pelo governo estadual.<\/p>\n<\/div>\n<\/div>\n<p><!--more--><\/p>\n<div class=\"elementor-element elementor-element-61f1d10f elementor-widget elementor-widget-theme-post-content\" data-id=\"61f1d10f\" data-element_type=\"widget\" data-widget_type=\"theme-post-content.default\">\n<div class=\"elementor-widget-container\">\n<p data-start=\"897\" data-end=\"1298\">Na ocasi\u00e3o, Franklin Leite afirmou:\u00a0<strong data-start=\"933\" data-end=\"1022\">\u201cQuero dizer a todos da minha felicidade de estar fazendo parte desse grupo pol\u00edtico\u201d<\/strong>, demonstrando alinhamento com o projeto pol\u00edtico do atual chefe do Executivo estadual. A comitiva de Serra Preta foi composta por\u00a0<strong data-start=\"1153\" data-end=\"1182\">mais de 20 representantes<\/strong>, incluindo o presidente da C\u00e2mara Municipal,\u00a0<strong data-start=\"1228\" data-end=\"1260\">Diego Campos (Solidariedade)<\/strong>, vereadores e secret\u00e1rios municipais.<\/p>\n<h3 data-start=\"1300\" data-end=\"1334\">Ruptura com o grupo de ACM Neto<\/h3>\n<p data-start=\"1336\" data-end=\"1789\">Em 2022, Franklin Leite participou ativamente da campanha de\u00a0<strong data-start=\"1397\" data-end=\"1424\">ACM Neto (Uni\u00e3o Brasil)<\/strong>\u00a0ao governo da Bahia e apoiou a candidatura de\u00a0<strong data-start=\"1471\" data-end=\"1492\">Roberta Roma (PL)<\/strong>\u00a0para deputada federal. A mudan\u00e7a de posicionamento reflete uma reconfigura\u00e7\u00e3o de alian\u00e7as pol\u00edticas no interior do estado, especialmente entre prefeitos que,\u00a0<strong data-start=\"1651\" data-end=\"1712\">apesar de terem apoiado a oposi\u00e7\u00e3o em elei\u00e7\u00f5es anteriores<\/strong>, buscam proximidade com o governo estadual para viabilizar obras e projetos.<\/p>\n<p data-start=\"1791\" data-end=\"2164\">Durante o encontro, Leite reafirmou seu compromisso com o governo do Estado:\u00a0<strong data-start=\"1868\" data-end=\"1926\">\u201cA gente est\u00e1 aqui pra ser mais um soldado do governo\u201d<\/strong>, declarou. A fala foi endossada por Diego Campos, presidente da C\u00e2mara, que tamb\u00e9m se manifestou publicamente:<\/p>\n<blockquote>\n<p data-start=\"1791\" data-end=\"2164\"><strong data-start=\"2038\" data-end=\"2121\">\u201cN\u00e3o votei no senhor para governador, mas a partir de hoje estarei ao seu lado\u201d<\/strong>, disse, dirigindo-se a Jer\u00f4nimo Rodrigues.<\/p>\n<\/blockquote>\n<h3 data-start=\"2166\" data-end=\"2210\">Governabilidade e expans\u00e3o da base aliada<\/h3>\n<p data-start=\"2212\" data-end=\"2571\">A manifesta\u00e7\u00e3o de apoio de Franklin Leite e de representantes do Legislativo municipal amplia a base pol\u00edtica do governador Jer\u00f4nimo Rodrigues no semi\u00e1rido baiano. A ades\u00e3o de prefeitos que antes orbitavam em torno do ex-prefeito de Salvador\u00a0<strong data-start=\"2454\" data-end=\"2498\">refor\u00e7a a estrat\u00e9gia do governo estadual<\/strong>\u00a0de consolidar maioria institucional nas esferas municipal e legislativa.<\/p>\n<p data-start=\"2573\" data-end=\"2893\">Jer\u00f4nimo Rodrigues tem priorizado agendas territoriais com prefeitos e lideran\u00e7as regionais, visando fortalecer sua atua\u00e7\u00e3o administrativa e preparar terreno para as elei\u00e7\u00f5es de 2026. O apoio de Franklin Leite \u00e9 mais um indicativo do \u00eaxito dessa pol\u00edtica de aproxima\u00e7\u00e3o, sobretudo em munic\u00edpios de porte m\u00e9dio e pequeno.<\/p>\n<\/div>\n<\/div>\n<p>*Grande Bahia<\/p>\n","protected":false},"excerpt":{"rendered":"<p>O prefeito de\u00a0Serra Preta, Franklin Leite (Avante), declarou\u00a0apoio pol\u00edtico ao governador Jer\u00f4nimo Rodrigues (PT)\u00a0durante audi\u00eancia realizada na tarde de\u00a0ter\u00e7a-feira (08\/07\/2025), no Centro Administrativo da Bahia. A declara\u00e7\u00e3o marca uma\u00a0mudan\u00e7a de alinhamento\u00a0em rela\u00e7\u00e3o \u00e0 elei\u00e7\u00e3o de 2022, quando Leite apoiou o ex-prefeito de Salvador,\u00a0ACM Neto, na disputa pelo governo estadual.<\/p>\n","protected":false},"author":3,"featured_media":2235,"comment_status":"closed","ping_status":"closed","sticky":false,"template":"","format":"standard","meta":{"_links_to":"","_links_to_target":""},"categories":[1],"tags":[],"_links":{"self":[{"href":"https:\/\/www.valadaresnoticias.com.br\/v1\/wp-json\/wp\/v2\/posts\/2234"}],"collection":[{"href":"https:\/\/www.valadaresnoticias.com.br\/v1\/wp-json\/wp\/v2\/posts"}],"about":[{"href":"https:\/\/www.valadaresnoticias.com.br\/v1\/wp-json\/wp\/v2\/types\/post"}],"author":[{"embeddable":true,"href":"https:\/\/www.valadaresnoticias.com.br\/v1\/wp-json\/wp\/v2\/users\/3"}],"replies":[{"embeddable":true,"href":"https:\/\/www.valadaresnoticias.com.br\/v1\/wp-json\/wp\/v2\/comments?post=2234"}],"version-history":[{"count":1,"href":"https:\/\/www.valadaresnoticias.com.br\/v1\/wp-json\/wp\/v2\/posts\/2234\/revisions"}],"predecessor-version":[{"id":2236,"href":"https:\/\/www.valadaresnoticias.com.br\/v1\/wp-json\/wp\/v2\/posts\/2234\/revisions\/2236"}],"wp:featuredmedia":[{"embeddable":true,"href":"https:\/\/www.valadaresnoticias.com.br\/v1\/wp-json\/wp\/v2\/media\/2235"}],"wp:attachment":[{"href":"https:\/\/www.valadaresnoticias.com.br\/v1\/wp-json\/wp\/v2\/media?parent=2234"}],"wp:term":[{"taxonomy":"category","embeddable":true,"href":"https:\/\/www.valadaresnoticias.com.br\/v1\/wp-json\/wp\/v2\/categories?post=2234"},{"taxonomy":"post_tag","embeddable":true,"href":"https:\/\/www.valadaresnoticias.com.br\/v1\/wp-json\/wp\/v2\/tags?post=2234"}],"curies":[{"name":"wp","href":"https:\/\/api.w.org\/{rel}","templated":true}]}}